{"id":3735,"date":"2022-12-22T14:33:33","date_gmt":"2022-12-22T20:33:33","guid":{"rendered":"https:\/\/janhendrix.com.mx\/2016\/?p=3735"},"modified":"2023-02-07T12:11:21","modified_gmt":"2023-02-07T18:11:21","slug":"el-poeta-y-el-artista-seamus-heaney-jan-hendrix-en-yagul","status":"publish","type":"post","link":"https:\/\/janhendrix.com.mx\/2016\/es\/exposiciones\/el-poeta-y-el-artista-seamus-heaney-jan-hendrix-en-yagul\/","title":{"rendered":"El poeta y el artista, Seamus Heaney &#038; Jan Hendrix en Yagul"},"content":{"rendered":"<p><em>El poeta y el artista, Seamus Heaney &#038; Jan Hendrix en Yagul, 2022<\/em><br \/>\nCentro de las Artes de San Agust\u00edn<br \/>\nIndependencia S\/N San Agust\u00edn Etla, Oaxaca, M\u00e9xico<\/p>\n<hr \/>\n<p>Curadur\u00eda: Cuauht\u00e9moc Medina<\/p>\n<hr \/>\n<div class=\"circle-grid\"><a class=\"circle-item fancybox\" href=\"https:\/\/janhendrix.com.mx\/2016\/wp-content\/uploads\/2022\/12\/npIGyoVI.jpg\" title=\"\" data-fancybox-group=\"gallery\"><div class=\"center\"><div class=\"centered\"><\/div><\/div><img src=\"https:\/\/janhendrix.com.mx\/2016\/wp-content\/uploads\/2022\/12\/npIGyoVI-270x270.jpg\" data-media=\"(min-width: 400px)\"><\/a><a class=\"circle-item fancybox\" href=\"https:\/\/janhendrix.com.mx\/2016\/wp-content\/uploads\/2022\/12\/u2lY5jW8.jpg\" title=\"\" data-fancybox-group=\"gallery\"><div class=\"center\"><div class=\"centered\"><\/div><\/div><img src=\"https:\/\/janhendrix.com.mx\/2016\/wp-content\/uploads\/2022\/12\/u2lY5jW8-270x270.jpg\" data-media=\"(min-width: 400px)\"><\/a><a class=\"circle-item fancybox\" href=\"https:\/\/janhendrix.com.mx\/2016\/wp-content\/uploads\/2022\/12\/YQFAi6Q.jpg\" title=\"\" data-fancybox-group=\"gallery\"><div class=\"center\"><div class=\"centered\"><\/div><\/div><img src=\"https:\/\/janhendrix.com.mx\/2016\/wp-content\/uploads\/2022\/12\/YQFAi6Q-270x270.jpg\" data-media=\"(min-width: 400px)\"><\/a><a class=\"circle-item fancybox\" href=\"https:\/\/janhendrix.com.mx\/2016\/wp-content\/uploads\/2022\/12\/o-ld08wU.jpg\" title=\"\" data-fancybox-group=\"gallery\"><div class=\"center\"><div class=\"centered\"><\/div><\/div><img src=\"https:\/\/janhendrix.com.mx\/2016\/wp-content\/uploads\/2022\/12\/o-ld08wU-270x270.jpg\" data-media=\"(min-width: 400px)\"><\/a><a class=\"circle-item fancybox\" href=\"https:\/\/janhendrix.com.mx\/2016\/wp-content\/uploads\/2022\/12\/OAXACA1.jpg\" title=\"\" data-fancybox-group=\"gallery\"><div class=\"center\"><div class=\"centered\"><\/div><\/div><img src=\"https:\/\/janhendrix.com.mx\/2016\/wp-content\/uploads\/2022\/12\/OAXACA1-270x270.jpg\" data-media=\"(min-width: 400px)\"><\/a><a class=\"circle-item fancybox\" href=\"https:\/\/janhendrix.com.mx\/2016\/wp-content\/uploads\/2022\/12\/qmBOJ9V8.jpg\" title=\"\" data-fancybox-group=\"gallery\"><div class=\"center\"><div class=\"centered\"><\/div><\/div><img src=\"https:\/\/janhendrix.com.mx\/2016\/wp-content\/uploads\/2022\/12\/qmBOJ9V8-270x270.jpg\" data-media=\"(min-width: 400px)\"><\/a><a class=\"circle-item fancybox\" href=\"https:\/\/janhendrix.com.mx\/2016\/wp-content\/uploads\/2022\/12\/yA7j7Xmw.jpg\" title=\"\" data-fancybox-group=\"gallery\"><div class=\"center\"><div class=\"centered\"><\/div><\/div><img src=\"https:\/\/janhendrix.com.mx\/2016\/wp-content\/uploads\/2022\/12\/yA7j7Xmw-270x270.jpg\" data-media=\"(min-width: 400px)\"><\/a><a class=\"circle-item fancybox\" href=\"https:\/\/janhendrix.com.mx\/2016\/wp-content\/uploads\/2022\/12\/Yej9YCpw.jpg\" title=\"\" data-fancybox-group=\"gallery\"><div class=\"center\"><div class=\"centered\"><\/div><\/div><img src=\"https:\/\/janhendrix.com.mx\/2016\/wp-content\/uploads\/2022\/12\/Yej9YCpw-270x270.jpg\" data-media=\"(min-width: 400px)\"><\/a><a class=\"circle-item fancybox\" href=\"https:\/\/janhendrix.com.mx\/2016\/wp-content\/uploads\/2022\/12\/Qoypq0vk.jpg\" title=\"\" data-fancybox-group=\"gallery\"><div class=\"center\"><div class=\"centered\"><\/div><\/div><img src=\"https:\/\/janhendrix.com.mx\/2016\/wp-content\/uploads\/2022\/12\/Qoypq0vk-270x270.jpg\" data-media=\"(min-width: 400px)\"><\/a><a class=\"circle-item fancybox\" href=\"https:\/\/janhendrix.com.mx\/2016\/wp-content\/uploads\/2022\/12\/UZdNLLlo.jpg\" title=\"\" data-fancybox-group=\"gallery\"><div class=\"center\"><div class=\"centered\"><\/div><\/div><img src=\"https:\/\/janhendrix.com.mx\/2016\/wp-content\/uploads\/2022\/12\/UZdNLLlo-270x270.jpg\" data-media=\"(min-width: 400px)\"><\/a><\/div>\n<p>Fotograf\u00edas: Cortes\u00eda del CaSa (Centro de las Artes de San Agust\u00edn)<\/p>","protected":false},"excerpt":{"rendered":"<p>El poeta y el artista, Seamus Heaney &#038; Jan Hendrix en Yagul, 2022 Centro de las Artes de San Agust\u00edn Independencia S\/N San Agust\u00edn Etla, Oaxaca, M\u00e9xico Curadur\u00eda: Cuauht\u00e9moc Medina Fotograf\u00edas: Cortes\u00eda del CaSa (Centro de las Artes de San Agust\u00edn)<\/p>\n","protected":false},"author":2,"featured_media":3747,"comment_status":"open","ping_status":"open","sticky":false,"template":"","format":"standard","meta":[],"categories":[3],"tags":[],"_links":{"self":[{"href":"https:\/\/janhendrix.com.mx\/2016\/es\/wp-json\/wp\/v2\/posts\/3735"}],"collection":[{"href":"https:\/\/janhendrix.com.mx\/2016\/es\/wp-json\/wp\/v2\/posts"}],"about":[{"href":"https:\/\/janhendrix.com.mx\/2016\/es\/wp-json\/wp\/v2\/types\/post"}],"author":[{"embeddable":true,"href":"https:\/\/janhendrix.com.mx\/2016\/es\/wp-json\/wp\/v2\/users\/2"}],"replies":[{"embeddable":true,"href":"https:\/\/janhendrix.com.mx\/2016\/es\/wp-json\/wp\/v2\/comments?post=3735"}],"version-history":[{"count":9,"href":"https:\/\/janhendrix.com.mx\/2016\/es\/wp-json\/wp\/v2\/posts\/3735\/revisions"}],"predecessor-version":[{"id":3840,"href":"https:\/\/janhendrix.com.mx\/2016\/es\/wp-json\/wp\/v2\/posts\/3735\/revisions\/3840"}],"wp:featuredmedia":[{"embeddable":true,"href":"https:\/\/janhendrix.com.mx\/2016\/es\/wp-json\/wp\/v2\/media\/3747"}],"wp:attachment":[{"href":"https:\/\/janhendrix.com.mx\/2016\/es\/wp-json\/wp\/v2\/media?parent=3735"}],"wp:term":[{"taxonomy":"category","embeddable":true,"href":"https:\/\/janhendrix.com.mx\/2016\/es\/wp-json\/wp\/v2\/categories?post=3735"},{"taxonomy":"post_tag","embeddable":true,"href":"https:\/\/janhendrix.com.mx\/2016\/es\/wp-json\/wp\/v2\/tags?post=3735"}],"curies":[{"name":"wp","href":"https:\/\/api.w.org\/{rel}","templated":true}]}}